{"id":23,"date":"2024-06-19T10:09:07","date_gmt":"2024-06-19T08:09:07","guid":{"rendered":"https:\/\/infinitythemes.ge\/aden-examples\/?p=23"},"modified":"2024-08-06T08:58:40","modified_gmt":"2024-08-06T06:58:40","slug":"o-karnevalu","status":"publish","type":"post","link":"https:\/\/vrnjackikarneval.rs\/index.php\/2024\/06\/19\/o-karnevalu\/","title":{"rendered":"O Vrnja\u010dkom Karnevalu"},"content":{"rendered":"\n<p>Od osnivanja moderne banje u Vrnjcima koje se vezuje za 1868. godinu vrnj\u010dani su pridavali veliki zna\u010daj balovima, maskenbalima, kermesima&#8230;Ovaj duh se zadr\u017eao i do dana\u0161njih dana.<\/p>\n\n\n\n<p>Datum osnivanja (14. jul) prve turisti\u010dke organizacije na balkanu (Osnovatelno fundatorsko dru\u0161tvo kiselo vru\u0107e vode u Vrnjcima) uzet je kao povod da se danas ustanovi manifestacija pod nazivom \u201eVrnja\u010dki Karneval\u201c. Karnevalska de\u0161avanja su raspore\u0111ena u nedelji koja je vezana za ovaj datum.<\/p>\n\n\n\n<p><strong>KERMESI<\/strong><\/p>\n\n\n\n<p>&#8230;Najveli\u010danstveniji kermesi prire\u0111ivani su na velikoj terasi modernog banjskog kupatila. Za organizaciju kermesa bila je zainteresovana cela Banja, svi njeni \u017eitelji, pa i \u017eitelji okolnih sela, koji su imali svoj udeo u kermesnom slavlju. Za kermes su pozivani gosti iz drugih mesta, a Banja je na dan kermesa bila ugla\u0111ena, besprekorno \u010dista i sva u sve\u010danom ruhu. Cve\u0107a je bilo na svakom koraku, a muzika je dva puta dnevno u paradnom mar\u0161u prolazila kroz banjske ulice. Terase kupatila su bile oki\u0107ene mnogobrojnim lampionima i ukrasnim sijalicama, a pirotehni\u010dari su u\u017eurbano vr\u0161ili poslednje pripreme za nezaboravni vatromet. Kermes je po\u010dinjao oko devet sati uve\u010de, otvarao ga je prigodnim re\u010dima predsednik neke dobrotvorne organizacije, u \u010diju korist je odlazio celokupan prihod, a zatim su nastupali glumci, peva\u010di i umetnici. Vrnja\u010dke \u017eene su za to ve\u010de pripremale bezbroj torti, prosto su se utrkivale koja \u0107e lep\u0161u tortu da umesi. Kola\u010di su deljeni besplatno, bio je to dar Vrnj\u010dana gostima, a pi\u0107e i druge \u0111akonije su slu\u017eili ugostitelji. Kroz igru, razne atrakcije, izbor lepotica i druge nagrade odvijala se najlep\u0161a i najromanti\u010dnija Vrnja\u010dka letnja no\u0107&#8230;<\/p>\n\n\n\n<p class=\"has-text-align-right\">\u201ePri\u010de iz banjske pro\u0161losti\u201c \u2013 Branko Radosavljevi\u0107<\/p>\n\n\n\n<p><strong>MASKENBALI<\/strong><\/p>\n\n\n\n<p>Osim kermesa i drugih zabava maskenbali su svakako bili najpose\u0107enija de\u0161avanja tog doba. &#8217;50-ih i &#8217;60-ih godina pro\u0161log veka hoteli &#8220;Sloboda&#8221;,&#8221;Zvezda&#8221; i &#8220;ROPS&#8221; su bili organizatori ovih de\u0161avanja tokom kojih su progla\u0161avane najbolje maske.<\/p>\n\n\n\n<p>&#8217;80-ih tu ulogu je preuzeo kafe &#8220;Lipa&#8221; i uz par organizovanih maskenbala nastavio tradiciju maskenbala u Vrnja\u010dkoj Banji.<\/p>\n\n\n\n<p>&#8217;90-ih su maskenbali organizovani u kafeu &#8220;Elegant Dra\u0161kovi\u0107&#8221; uz brojne performanse, \u0161kole glume, muzi\u010dke radionice&#8230;<\/p>\n\n\n\n<p>2002. godina predstavlja prvu godinu organizovanja maskenbala u kafeu &#8220;Savka&#8221; i od tada se tradicionalno svake godine nastavljaju de\u0161avanja ove vrste.<\/p>\n\n\n\n<p><strong>KARNEVAL<\/strong><\/p>\n\n\n\n<p>Po pri\u010di starih Vrnj\u010dana po\u010detkom &#8217;60-ih godina Vrnja\u010dka Banja postaje karnevalski grad. Tokom narednih godina organizovano je nekoliko karnevalskih povorki, ali na \u017ealost ova manifestacija ubrzo po\u010dinje da gubi na zna\u010daju i polako odlazi u zaborav, sve do trenutka kada Turisti\u010dko sportski centar &#8220;Vrnja\u010dka Banja&#8221; preuzima inicijativu i osniva &#8220;Me\u0111unarodni Vrnja\u010dki Karneval&#8221;.<\/p>\n\n\n\n<p>Prvi &#8220;Me\u0111unarodni Vrnja\u010dki karneval&#8221; odr\u017ean je u periodu od 12.07. do 17.07.2005. godine i objedinio je preko 40 razli\u010ditih zabavnih, kulturnih i sportskih manifestacija. Centralno de\u0161avanje Vrnja\u010dkog karnevala, je velika ME\u0110UNARODNA KARNEVALSKA POVORKA, koja je 2005. godine okupila 34 karnevalske grupe iz zemlje i inostranstva. Karnevalska povorka je brojala preko 1.500 u\u010desnika. Ve\u0107 tokom drugog karnevala formira se i de\u010dija karnevalska povorka, a Vrnja\u010dki Karneval postaje \u010dlan Federacije evropskih karnevalskih gradova (FECC). Vrnja\u010dki Karneval zauzima zna\u010dajno mesto u kalendaru svetskih karnevalskih de\u0161avanja.<\/p>\n","protected":false},"excerpt":{"rendered":"<p>Od osnivanja moderne banje u Vrnjcima koje se vezuje za 1868. godinu vrnj\u010dani su pridavali veliki zna\u010daj balovima, maskenbalima, kermesima&#8230;Ovaj duh se zadr\u017eao i do dana\u0161njih dana. Datum osnivanja (14. jul) prve turisti\u010dke organizacije na balkanu (Osnovatelno fundatorsko dru\u0161tvo kiselo vru\u0107e vode u Vrnjcima) uzet je kao povod da se danas ustanovi manifestacija pod nazivom&#8230;<\/p>\n","protected":false},"author":1,"featured_media":2867,"comment_status":"open","ping_status":"open","sticky":true,"template":"","format":"standard","meta":{"footnotes":""},"categories":[1],"tags":[18,7,20,12,11],"_links":{"self":[{"href":"https:\/\/vrnjackikarneval.rs\/index.php\/wp-json\/wp\/v2\/posts\/23"}],"collection":[{"href":"https:\/\/vrnjackikarneval.rs\/index.php\/wp-json\/wp\/v2\/posts"}],"about":[{"href":"https:\/\/vrnjackikarneval.rs\/index.php\/wp-json\/wp\/v2\/types\/post"}],"author":[{"embeddable":true,"href":"https:\/\/vrnjackikarneval.rs\/index.php\/wp-json\/wp\/v2\/users\/1"}],"replies":[{"embeddable":true,"href":"https:\/\/vrnjackikarneval.rs\/index.php\/wp-json\/wp\/v2\/comments?post=23"}],"version-history":[{"count":2,"href":"https:\/\/vrnjackikarneval.rs\/index.php\/wp-json\/wp\/v2\/posts\/23\/revisions"}],"predecessor-version":[{"id":2866,"href":"https:\/\/vrnjackikarneval.rs\/index.php\/wp-json\/wp\/v2\/posts\/23\/revisions\/2866"}],"wp:featuredmedia":[{"embeddable":true,"href":"https:\/\/vrnjackikarneval.rs\/index.php\/wp-json\/wp\/v2\/media\/2867"}],"wp:attachment":[{"href":"https:\/\/vrnjackikarneval.rs\/index.php\/wp-json\/wp\/v2\/media?parent=23"}],"wp:term":[{"taxonomy":"category","embeddable":true,"href":"https:\/\/vrnjackikarneval.rs\/index.php\/wp-json\/wp\/v2\/categories?post=23"},{"taxonomy":"post_tag","embeddable":true,"href":"https:\/\/vrnjackikarneval.rs\/index.php\/wp-json\/wp\/v2\/tags?post=23"}],"curies":[{"name":"wp","href":"https:\/\/api.w.org\/{rel}","templated":true}]}}